{"id":932,"date":"2025-04-26T07:47:23","date_gmt":"2025-04-26T07:47:23","guid":{"rendered":"https:\/\/saltoecologico.es\/?p=932"},"modified":"2025-04-26T07:47:25","modified_gmt":"2025-04-26T07:47:25","slug":"encrucijada-energetica","status":"publish","type":"post","link":"https:\/\/saltoecologico.es\/index.php\/2025\/04\/26\/encrucijada-energetica\/","title":{"rendered":"Encrucijada energ\u00e9tica"},"content":{"rendered":"\n<p class=\"wp-block-paragraph\">En estos d\u00edas, el debate energ\u00e9tico en Canarias vuelve a ocupar titulares tras las declaraciones del Consejero de Transici\u00f3n Ecol\u00f3gica sobre la cr\u00edtica situaci\u00f3n de la central de Los Guinchos, en La Palma. Se nos informa, con cierto dramatismo, de que all\u00ed operan equipos <strong>con m\u00e1s de treinta a\u00f1os y m\u00e1s de 400.000 horas de servicio,<\/strong> frente a unas 100.000 horas que marca su ciclo de vida \u00fatil. La alarma, leg\u00edtima, parece justificar la toma de medidas de emergencia y la necesidad urgente de reforzar la generaci\u00f3n insular.<\/p>\n\n\n\n<p class=\"wp-block-paragraph\">Sin embargo, la forma en la que se traduce esta supuesta emergencia al dise\u00f1o de pol\u00edticas p\u00fablicas y asignaci\u00f3n de recursos resulta, cuando menos, parad\u00f3jica. Los nuevos grupos de generaci\u00f3n de emergencia, tan anunciados y esperados tras el \u201ccero energ\u00e9tico\u201d de La Gomera, <strong>no se instalar\u00e1n en las islas donde la precariedad t\u00e9cnica es mayor<\/strong>, como La Palma o la propia La Gomera, sino que ir\u00e1n destinados a Tenerife, Gran Canaria y Fuerteventura. La desconexi\u00f3n entre diagn\u00f3stico y respuesta no puede ser m\u00e1s evidente.<\/p>\n\n\n\n<p class=\"wp-block-paragraph\"><strong>Pero lo realmente preocupante <\/strong>es que, en el fondo, todo este relato sobre la \u201cemergencia\u201d y el d\u00e9ficit de generaci\u00f3n parece orientado a perpetuar un modelo energ\u00e9tico basado en combustibles f\u00f3siles y a justificar la introducci\u00f3n de gas en el mix canario, m\u00e1s que a acelerar la verdadera transici\u00f3n hacia las energ\u00edas renovables. No es casualidad que, mientras se insiste en la necesidad de grupos di\u00e9sel o de gas para \u201cgarantizar el suministro\u201d, <strong>la penetraci\u00f3n renovable en Canarias apenas supera el 20% anual<\/strong> seg\u00fan los \u00faltimos datos de Red El\u00e9ctrica, muy por debajo de su potencial real.<\/p>\n\n\n\n<p class=\"wp-block-paragraph\"><strong>La evidencia t\u00e9cnica es contundente:<\/strong> la obsolescencia de los grupos t\u00e9rmicos y la escasa reserva de potencia firme son s\u00edntomas de un sistema que ha invertido demasiado poco en modernizaci\u00f3n y diversificaci\u00f3n. En vez de \u201cdar una patada hacia adelante\u201d con nuevas inversiones en equipos f\u00f3siles, el sentido com\u00fan y la experiencia internacional apuntan hacia <strong>el despliegue decidido de renovables, el almacenamiento y la gesti\u00f3n inteligente de la demanda.<\/strong><\/p>\n\n\n\n<p class=\"wp-block-paragraph\">Las propias recomendaciones de la Agencia Internacional de la Energ\u00eda y la Uni\u00f3n Europea son claras: <strong>en sistemas insulares, la soluci\u00f3n de futuro no pasa por reforzar la dependencia de combustibles f\u00f3siles<\/strong>, sino por la integraci\u00f3n eficiente de renovables, bater\u00edas y flexibilidad en la red. Cada euro invertido en nuevas centrales de gas o grupos di\u00e9sel es un euro que se deja de invertir en el futuro de las islas.<\/p>\n\n\n\n<p class=\"wp-block-paragraph\">Adem\u00e1s, perpetuar el relato del d\u00e9ficit para justificar infraestructuras f\u00f3siles retrasa la descarbonizaci\u00f3n y choca frontalmente con los compromisos de Canarias y Espa\u00f1a ante la emergencia clim\u00e1tica. El reciente informe del IPCC recuerda que las regiones insulares ser\u00e1n, precisamente, de <strong>las m\u00e1s vulnerables al cambio clim\u00e1tico<\/strong>. Apostar por una transici\u00f3n a medias, condicionada por la inercia de los combustibles f\u00f3siles, no solo es un error estrat\u00e9gico: es una irresponsabilidad.<\/p>\n\n\n\n<p class=\"wp-block-paragraph\"><strong>La ciudadan\u00eda canaria merece una pol\u00edtica energ\u00e9tica valiente,<\/strong> que apueste de verdad por la autosuficiencia, la modernizaci\u00f3n y la sostenibilidad. <strong>La transici\u00f3n ecol\u00f3gica no puede ser un mero relato<\/strong>, ni una justificaci\u00f3n para mantener el statu quo de quienes llevan d\u00e9cadas lucr\u00e1ndose con el petr\u00f3leo. <strong>El momento de las excusas y de las \u201csoluciones provisionales\u201d ha pasado<\/strong>: es hora de invertir, con ambici\u00f3n, en el \u00fanico camino posible si queremos seguridad energ\u00e9tica, futuro econ\u00f3mico y justicia clim\u00e1tica en las islas.<\/p>\n","protected":false},"excerpt":{"rendered":"<p>En estos d\u00edas, el debate energ\u00e9tico en Canarias vuelve a ocupar titulares tras las declaraciones del Consejero de Transici\u00f3n Ecol\u00f3gica sobre la cr\u00edtica situaci\u00f3n de la central de Los Guinchos, en La Palma. Se nos informa, con cierto dramatismo, de que all\u00ed operan equipos con m\u00e1s de treinta a\u00f1os y m\u00e1s de 400.000 horas de [&hellip;]<\/p>\n","protected":false},"author":1,"featured_media":933,"comment_status":"open","ping_status":"open","sticky":false,"template":"","format":"standard","meta":{"footnotes":""},"categories":[42],"tags":[],"class_list":["post-932","post","type-post","status-publish","format-standard","has-post-thumbnail","category-fosiles"],"yoast_head":"<!-- This site is optimized with the Yoast SEO plugin v28.2 - https:\/\/yoast.com\/product\/yoast-seo-wordpress\/ -->\n<title>Encrucijada energ\u00e9tica - Salto Ecol\u00f3gico<\/title>\n<meta name=\"robots\" content=\"index, follow, max-snippet:-1, max-image-preview:large, max-video-preview:-1\" \/>\n<link rel=\"canonical\" href=\"https:\/\/saltoecologico.es\/index.php\/2025\/04\/26\/encrucijada-energetica\/\" \/>\n<meta property=\"og:locale\" content=\"es_ES\" \/>\n<meta property=\"og:type\" content=\"article\" \/>\n<meta property=\"og:title\" content=\"Encrucijada energ\u00e9tica - Salto Ecol\u00f3gico\" \/>\n<meta property=\"og:description\" content=\"En estos d\u00edas, el debate energ\u00e9tico en Canarias vuelve a ocupar titulares tras las declaraciones del Consejero de Transici\u00f3n Ecol\u00f3gica sobre la cr\u00edtica situaci\u00f3n de la central de Los Guinchos, en La Palma. Se nos informa, con cierto dramatismo, de que all\u00ed operan equipos con m\u00e1s de treinta a\u00f1os y m\u00e1s de 400.000 horas de [&hellip;]\" \/>\n<meta property=\"og:url\" content=\"https:\/\/saltoecologico.es\/index.php\/2025\/04\/26\/encrucijada-energetica\/\" \/>\n<meta property=\"og:site_name\" content=\"Salto Ecol\u00f3gico\" \/>\n<meta property=\"article:publisher\" content=\"https:\/\/www.facebook.com\/Saltotransicionecologica\" \/>\n<meta property=\"article:published_time\" content=\"2025-04-26T07:47:23+00:00\" \/>\n<meta property=\"article:modified_time\" content=\"2025-04-26T07:47:25+00:00\" \/>\n<meta property=\"og:image\" content=\"https:\/\/saltoecologico.es\/wp-content\/uploads\/2025\/04\/ChatGPT-Image-25-abr-2025-13_32_53-1024x683.png\" \/>\n\t<meta property=\"og:image:width\" content=\"1024\" \/>\n\t<meta property=\"og:image:height\" content=\"683\" \/>\n\t<meta property=\"og:image:type\" content=\"image\/png\" \/>\n<meta name=\"author\" content=\"admin\" \/>\n<meta name=\"twitter:card\" content=\"summary_large_image\" \/>\n<meta name=\"twitter:label1\" content=\"Escrito por\" \/>\n\t<meta name=\"twitter:data1\" content=\"admin\" \/>\n\t<meta name=\"twitter:label2\" content=\"Tiempo de lectura\" \/>\n\t<meta name=\"twitter:data2\" content=\"3 minutos\" \/>\n<script type=\"application\/ld+json\" class=\"yoast-schema-graph\">{\"@context\":\"https:\\\/\\\/schema.org\",\"@graph\":[{\"@type\":\"Article\",\"@id\":\"https:\\\/\\\/saltoecologico.es\\\/index.php\\\/2025\\\/04\\\/26\\\/encrucijada-energetica\\\/#article\",\"isPartOf\":{\"@id\":\"https:\\\/\\\/saltoecologico.es\\\/index.php\\\/2025\\\/04\\\/26\\\/encrucijada-energetica\\\/\"},\"author\":{\"name\":\"admin\",\"@id\":\"https:\\\/\\\/saltoecologico.es\\\/#\\\/schema\\\/person\\\/7175eec4b3c123d86c675313c3a01a0b\"},\"headline\":\"Encrucijada energ\u00e9tica\",\"datePublished\":\"2025-04-26T07:47:23+00:00\",\"dateModified\":\"2025-04-26T07:47:25+00:00\",\"mainEntityOfPage\":{\"@id\":\"https:\\\/\\\/saltoecologico.es\\\/index.php\\\/2025\\\/04\\\/26\\\/encrucijada-energetica\\\/\"},\"wordCount\":634,\"commentCount\":0,\"publisher\":{\"@id\":\"https:\\\/\\\/saltoecologico.es\\\/#organization\"},\"image\":{\"@id\":\"https:\\\/\\\/saltoecologico.es\\\/index.php\\\/2025\\\/04\\\/26\\\/encrucijada-energetica\\\/#primaryimage\"},\"thumbnailUrl\":\"https:\\\/\\\/saltoecologico.es\\\/wp-content\\\/uploads\\\/2025\\\/04\\\/ChatGPT-Image-25-abr-2025-13_32_53.png\",\"articleSection\":[\"F\u00f3siles\"],\"inLanguage\":\"es\",\"potentialAction\":[{\"@type\":\"CommentAction\",\"name\":\"Comment\",\"target\":[\"https:\\\/\\\/saltoecologico.es\\\/index.php\\\/2025\\\/04\\\/26\\\/encrucijada-energetica\\\/#respond\"]}]},{\"@type\":\"WebPage\",\"@id\":\"https:\\\/\\\/saltoecologico.es\\\/index.php\\\/2025\\\/04\\\/26\\\/encrucijada-energetica\\\/\",\"url\":\"https:\\\/\\\/saltoecologico.es\\\/index.php\\\/2025\\\/04\\\/26\\\/encrucijada-energetica\\\/\",\"name\":\"Encrucijada energ\u00e9tica - Salto Ecol\u00f3gico\",\"isPartOf\":{\"@id\":\"https:\\\/\\\/saltoecologico.es\\\/#website\"},\"primaryImageOfPage\":{\"@id\":\"https:\\\/\\\/saltoecologico.es\\\/index.php\\\/2025\\\/04\\\/26\\\/encrucijada-energetica\\\/#primaryimage\"},\"image\":{\"@id\":\"https:\\\/\\\/saltoecologico.es\\\/index.php\\\/2025\\\/04\\\/26\\\/encrucijada-energetica\\\/#primaryimage\"},\"thumbnailUrl\":\"https:\\\/\\\/saltoecologico.es\\\/wp-content\\\/uploads\\\/2025\\\/04\\\/ChatGPT-Image-25-abr-2025-13_32_53.png\",\"datePublished\":\"2025-04-26T07:47:23+00:00\",\"dateModified\":\"2025-04-26T07:47:25+00:00\",\"breadcrumb\":{\"@id\":\"https:\\\/\\\/saltoecologico.es\\\/index.php\\\/2025\\\/04\\\/26\\\/encrucijada-energetica\\\/#breadcrumb\"},\"inLanguage\":\"es\",\"potentialAction\":[{\"@type\":\"ReadAction\",\"target\":[\"https:\\\/\\\/saltoecologico.es\\\/index.php\\\/2025\\\/04\\\/26\\\/encrucijada-energetica\\\/\"]}]},{\"@type\":\"ImageObject\",\"inLanguage\":\"es\",\"@id\":\"https:\\\/\\\/saltoecologico.es\\\/index.php\\\/2025\\\/04\\\/26\\\/encrucijada-energetica\\\/#primaryimage\",\"url\":\"https:\\\/\\\/saltoecologico.es\\\/wp-content\\\/uploads\\\/2025\\\/04\\\/ChatGPT-Image-25-abr-2025-13_32_53.png\",\"contentUrl\":\"https:\\\/\\\/saltoecologico.es\\\/wp-content\\\/uploads\\\/2025\\\/04\\\/ChatGPT-Image-25-abr-2025-13_32_53.png\",\"width\":1536,\"height\":1024},{\"@type\":\"BreadcrumbList\",\"@id\":\"https:\\\/\\\/saltoecologico.es\\\/index.php\\\/2025\\\/04\\\/26\\\/encrucijada-energetica\\\/#breadcrumb\",\"itemListElement\":[{\"@type\":\"ListItem\",\"position\":1,\"name\":\"Portada\",\"item\":\"https:\\\/\\\/saltoecologico.es\\\/\"},{\"@type\":\"ListItem\",\"position\":2,\"name\":\"Encrucijada energ\u00e9tica\"}]},{\"@type\":\"WebSite\",\"@id\":\"https:\\\/\\\/saltoecologico.es\\\/#website\",\"url\":\"https:\\\/\\\/saltoecologico.es\\\/\",\"name\":\"Salto Ecol\u00f3gico\",\"description\":\"\",\"publisher\":{\"@id\":\"https:\\\/\\\/saltoecologico.es\\\/#organization\"},\"potentialAction\":[{\"@type\":\"SearchAction\",\"target\":{\"@type\":\"EntryPoint\",\"urlTemplate\":\"https:\\\/\\\/saltoecologico.es\\\/?s={search_term_string}\"},\"query-input\":{\"@type\":\"PropertyValueSpecification\",\"valueRequired\":true,\"valueName\":\"search_term_string\"}}],\"inLanguage\":\"es\"},{\"@type\":\"Organization\",\"@id\":\"https:\\\/\\\/saltoecologico.es\\\/#organization\",\"name\":\"Salto a la Transici\u00f3n Ecol\u00f3gica\",\"url\":\"https:\\\/\\\/saltoecologico.es\\\/\",\"logo\":{\"@type\":\"ImageObject\",\"inLanguage\":\"es\",\"@id\":\"https:\\\/\\\/saltoecologico.es\\\/#\\\/schema\\\/logo\\\/image\\\/\",\"url\":\"https:\\\/\\\/saltoecologico.es\\\/wp-content\\\/uploads\\\/2025\\\/04\\\/Logo-STE.jpg\",\"contentUrl\":\"https:\\\/\\\/saltoecologico.es\\\/wp-content\\\/uploads\\\/2025\\\/04\\\/Logo-STE.jpg\",\"width\":435,\"height\":435,\"caption\":\"Salto a la Transici\u00f3n Ecol\u00f3gica\"},\"image\":{\"@id\":\"https:\\\/\\\/saltoecologico.es\\\/#\\\/schema\\\/logo\\\/image\\\/\"},\"sameAs\":[\"https:\\\/\\\/www.facebook.com\\\/Saltotransicionecologica\"]},{\"@type\":\"Person\",\"@id\":\"https:\\\/\\\/saltoecologico.es\\\/#\\\/schema\\\/person\\\/7175eec4b3c123d86c675313c3a01a0b\",\"name\":\"admin\",\"image\":{\"@type\":\"ImageObject\",\"inLanguage\":\"es\",\"@id\":\"https:\\\/\\\/secure.gravatar.com\\\/avatar\\\/4c215dc57bbc7b2f2f470ac9bd197f3f112636a584e575a732d0206a2d9c9806?s=96&d=mm&r=g\",\"url\":\"https:\\\/\\\/secure.gravatar.com\\\/avatar\\\/4c215dc57bbc7b2f2f470ac9bd197f3f112636a584e575a732d0206a2d9c9806?s=96&d=mm&r=g\",\"contentUrl\":\"https:\\\/\\\/secure.gravatar.com\\\/avatar\\\/4c215dc57bbc7b2f2f470ac9bd197f3f112636a584e575a732d0206a2d9c9806?s=96&d=mm&r=g\",\"caption\":\"admin\"},\"sameAs\":[\"https:\\\/\\\/saltoecologico.es\"],\"url\":\"https:\\\/\\\/saltoecologico.es\\\/index.php\\\/author\\\/saltoecologico\\\/\"}]}<\/script>\n<!-- \/ Yoast SEO plugin. -->","yoast_head_json":{"title":"Encrucijada energ\u00e9tica - Salto Ecol\u00f3gico","robots":{"index":"index","follow":"follow","max-snippet":"max-snippet:-1","max-image-preview":"max-image-preview:large","max-video-preview":"max-video-preview:-1"},"canonical":"https:\/\/saltoecologico.es\/index.php\/2025\/04\/26\/encrucijada-energetica\/","og_locale":"es_ES","og_type":"article","og_title":"Encrucijada energ\u00e9tica - Salto Ecol\u00f3gico","og_description":"En estos d\u00edas, el debate energ\u00e9tico en Canarias vuelve a ocupar titulares tras las declaraciones del Consejero de Transici\u00f3n Ecol\u00f3gica sobre la cr\u00edtica situaci\u00f3n de la central de Los Guinchos, en La Palma. Se nos informa, con cierto dramatismo, de que all\u00ed operan equipos con m\u00e1s de treinta a\u00f1os y m\u00e1s de 400.000 horas de [&hellip;]","og_url":"https:\/\/saltoecologico.es\/index.php\/2025\/04\/26\/encrucijada-energetica\/","og_site_name":"Salto Ecol\u00f3gico","article_publisher":"https:\/\/www.facebook.com\/Saltotransicionecologica","article_published_time":"2025-04-26T07:47:23+00:00","article_modified_time":"2025-04-26T07:47:25+00:00","og_image":[{"width":1024,"height":683,"url":"https:\/\/saltoecologico.es\/wp-content\/uploads\/2025\/04\/ChatGPT-Image-25-abr-2025-13_32_53-1024x683.png","type":"image\/png"}],"author":"admin","twitter_card":"summary_large_image","twitter_misc":{"Escrito por":"admin","Tiempo de lectura":"3 minutos"},"schema":{"@context":"https:\/\/schema.org","@graph":[{"@type":"Article","@id":"https:\/\/saltoecologico.es\/index.php\/2025\/04\/26\/encrucijada-energetica\/#article","isPartOf":{"@id":"https:\/\/saltoecologico.es\/index.php\/2025\/04\/26\/encrucijada-energetica\/"},"author":{"name":"admin","@id":"https:\/\/saltoecologico.es\/#\/schema\/person\/7175eec4b3c123d86c675313c3a01a0b"},"headline":"Encrucijada energ\u00e9tica","datePublished":"2025-04-26T07:47:23+00:00","dateModified":"2025-04-26T07:47:25+00:00","mainEntityOfPage":{"@id":"https:\/\/saltoecologico.es\/index.php\/2025\/04\/26\/encrucijada-energetica\/"},"wordCount":634,"commentCount":0,"publisher":{"@id":"https:\/\/saltoecologico.es\/#organization"},"image":{"@id":"https:\/\/saltoecologico.es\/index.php\/2025\/04\/26\/encrucijada-energetica\/#primaryimage"},"thumbnailUrl":"https:\/\/saltoecologico.es\/wp-content\/uploads\/2025\/04\/ChatGPT-Image-25-abr-2025-13_32_53.png","articleSection":["F\u00f3siles"],"inLanguage":"es","potentialAction":[{"@type":"CommentAction","name":"Comment","target":["https:\/\/saltoecologico.es\/index.php\/2025\/04\/26\/encrucijada-energetica\/#respond"]}]},{"@type":"WebPage","@id":"https:\/\/saltoecologico.es\/index.php\/2025\/04\/26\/encrucijada-energetica\/","url":"https:\/\/saltoecologico.es\/index.php\/2025\/04\/26\/encrucijada-energetica\/","name":"Encrucijada energ\u00e9tica - Salto Ecol\u00f3gico","isPartOf":{"@id":"https:\/\/saltoecologico.es\/#website"},"primaryImageOfPage":{"@id":"https:\/\/saltoecologico.es\/index.php\/2025\/04\/26\/encrucijada-energetica\/#primaryimage"},"image":{"@id":"https:\/\/saltoecologico.es\/index.php\/2025\/04\/26\/encrucijada-energetica\/#primaryimage"},"thumbnailUrl":"https:\/\/saltoecologico.es\/wp-content\/uploads\/2025\/04\/ChatGPT-Image-25-abr-2025-13_32_53.png","datePublished":"2025-04-26T07:47:23+00:00","dateModified":"2025-04-26T07:47:25+00:00","breadcrumb":{"@id":"https:\/\/saltoecologico.es\/index.php\/2025\/04\/26\/encrucijada-energetica\/#breadcrumb"},"inLanguage":"es","potentialAction":[{"@type":"ReadAction","target":["https:\/\/saltoecologico.es\/index.php\/2025\/04\/26\/encrucijada-energetica\/"]}]},{"@type":"ImageObject","inLanguage":"es","@id":"https:\/\/saltoecologico.es\/index.php\/2025\/04\/26\/encrucijada-energetica\/#primaryimage","url":"https:\/\/saltoecologico.es\/wp-content\/uploads\/2025\/04\/ChatGPT-Image-25-abr-2025-13_32_53.png","contentUrl":"https:\/\/saltoecologico.es\/wp-content\/uploads\/2025\/04\/ChatGPT-Image-25-abr-2025-13_32_53.png","width":1536,"height":1024},{"@type":"BreadcrumbList","@id":"https:\/\/saltoecologico.es\/index.php\/2025\/04\/26\/encrucijada-energetica\/#breadcrumb","itemListElement":[{"@type":"ListItem","position":1,"name":"Portada","item":"https:\/\/saltoecologico.es\/"},{"@type":"ListItem","position":2,"name":"Encrucijada energ\u00e9tica"}]},{"@type":"WebSite","@id":"https:\/\/saltoecologico.es\/#website","url":"https:\/\/saltoecologico.es\/","name":"Salto Ecol\u00f3gico","description":"","publisher":{"@id":"https:\/\/saltoecologico.es\/#organization"},"potentialAction":[{"@type":"SearchAction","target":{"@type":"EntryPoint","urlTemplate":"https:\/\/saltoecologico.es\/?s={search_term_string}"},"query-input":{"@type":"PropertyValueSpecification","valueRequired":true,"valueName":"search_term_string"}}],"inLanguage":"es"},{"@type":"Organization","@id":"https:\/\/saltoecologico.es\/#organization","name":"Salto a la Transici\u00f3n Ecol\u00f3gica","url":"https:\/\/saltoecologico.es\/","logo":{"@type":"ImageObject","inLanguage":"es","@id":"https:\/\/saltoecologico.es\/#\/schema\/logo\/image\/","url":"https:\/\/saltoecologico.es\/wp-content\/uploads\/2025\/04\/Logo-STE.jpg","contentUrl":"https:\/\/saltoecologico.es\/wp-content\/uploads\/2025\/04\/Logo-STE.jpg","width":435,"height":435,"caption":"Salto a la Transici\u00f3n Ecol\u00f3gica"},"image":{"@id":"https:\/\/saltoecologico.es\/#\/schema\/logo\/image\/"},"sameAs":["https:\/\/www.facebook.com\/Saltotransicionecologica"]},{"@type":"Person","@id":"https:\/\/saltoecologico.es\/#\/schema\/person\/7175eec4b3c123d86c675313c3a01a0b","name":"admin","image":{"@type":"ImageObject","inLanguage":"es","@id":"https:\/\/secure.gravatar.com\/avatar\/4c215dc57bbc7b2f2f470ac9bd197f3f112636a584e575a732d0206a2d9c9806?s=96&d=mm&r=g","url":"https:\/\/secure.gravatar.com\/avatar\/4c215dc57bbc7b2f2f470ac9bd197f3f112636a584e575a732d0206a2d9c9806?s=96&d=mm&r=g","contentUrl":"https:\/\/secure.gravatar.com\/avatar\/4c215dc57bbc7b2f2f470ac9bd197f3f112636a584e575a732d0206a2d9c9806?s=96&d=mm&r=g","caption":"admin"},"sameAs":["https:\/\/saltoecologico.es"],"url":"https:\/\/saltoecologico.es\/index.php\/author\/saltoecologico\/"}]}},"_links":{"self":[{"href":"https:\/\/saltoecologico.es\/index.php\/wp-json\/wp\/v2\/posts\/932","targetHints":{"allow":["GET"]}}],"collection":[{"href":"https:\/\/saltoecologico.es\/index.php\/wp-json\/wp\/v2\/posts"}],"about":[{"href":"https:\/\/saltoecologico.es\/index.php\/wp-json\/wp\/v2\/types\/post"}],"author":[{"embeddable":true,"href":"https:\/\/saltoecologico.es\/index.php\/wp-json\/wp\/v2\/users\/1"}],"replies":[{"embeddable":true,"href":"https:\/\/saltoecologico.es\/index.php\/wp-json\/wp\/v2\/comments?post=932"}],"version-history":[{"count":1,"href":"https:\/\/saltoecologico.es\/index.php\/wp-json\/wp\/v2\/posts\/932\/revisions"}],"predecessor-version":[{"id":934,"href":"https:\/\/saltoecologico.es\/index.php\/wp-json\/wp\/v2\/posts\/932\/revisions\/934"}],"wp:featuredmedia":[{"embeddable":true,"href":"https:\/\/saltoecologico.es\/index.php\/wp-json\/wp\/v2\/media\/933"}],"wp:attachment":[{"href":"https:\/\/saltoecologico.es\/index.php\/wp-json\/wp\/v2\/media?parent=932"}],"wp:term":[{"taxonomy":"category","embeddable":true,"href":"https:\/\/saltoecologico.es\/index.php\/wp-json\/wp\/v2\/categories?post=932"},{"taxonomy":"post_tag","embeddable":true,"href":"https:\/\/saltoecologico.es\/index.php\/wp-json\/wp\/v2\/tags?post=932"}],"curies":[{"name":"wp","href":"https:\/\/api.w.org\/{rel}","templated":true}]}}