{"id":971,"date":"2025-05-07T04:40:41","date_gmt":"2025-05-07T04:40:41","guid":{"rendered":"https:\/\/saltoecologico.es\/?p=971"},"modified":"2025-05-07T04:40:42","modified_gmt":"2025-05-07T04:40:42","slug":"apagon-de-ideas","status":"publish","type":"post","link":"https:\/\/saltoecologico.es\/index.php\/2025\/05\/07\/apagon-de-ideas\/","title":{"rendered":"Apag\u00f3n de ideas"},"content":{"rendered":"\n<p class=\"wp-block-paragraph\">El reciente apag\u00f3n que dej\u00f3 a gran parte de la pen\u00ednsula sin suministro el\u00e9ctrico ha desatado una tormenta de reacciones. Lo que deber\u00eda haber sido un an\u00e1lisis sereno y t\u00e9cnico sobre vulnerabilidades del sistema el\u00e9ctrico, ha sido aprovechado por algunos sectores para activar su maquinaria ideol\u00f3gica contra las energ\u00edas renovables. Se ha instalado en ciertos medios un relato manipulador, que pretende se\u00f1alar al sol y al viento como los culpables del apag\u00f3n, como si su car\u00e1cter intermitente fuese la ra\u00edz de todos nuestros males.<\/p>\n\n\n\n<p class=\"wp-block-paragraph\"><strong>No es una simple cr\u00edtica t\u00e9cnica. Es un ataque pol\u00edtico y econ\u00f3mico disfrazado de sentido com\u00fan.<\/strong> Y no podemos permitirlo.<\/p>\n\n\n\n<p class=\"wp-block-paragraph\">Porque detr\u00e1s de ese discurso \u2014a veces burdo, a veces envuelto en un aparente rigor\u2014 lo que se esconde es el deseo de frenar la transici\u00f3n energ\u00e9tica. Son los mismos que, a\u00f1o tras a\u00f1o, han defendido la permanencia de un modelo f\u00f3sil obsoleto, contaminante y vulnerable. Son los que han rentabilizado durante d\u00e9cadas un sistema que condena a nuestras econom\u00edas a la dependencia exterior y a nuestros pulmones a respirar humo. Son los que hoy nos dicen que no se puede prescindir del gas ni del petr\u00f3leo&#8230; precisamente porque su negocio es que nunca lo hagamos.<\/p>\n\n\n\n<p class=\"wp-block-paragraph\"><strong>Y ahora, ante el m\u00e1s m\u00ednimo fallo del sistema, se lanzan como buitres a aprovechar el miedo.<\/strong> Pero el miedo no puede ser el combustible de la pol\u00edtica energ\u00e9tica. No podemos permitir que un hecho puntual, a\u00fan en investigaci\u00f3n, se convierta en excusa para desprestigiar el \u00fanico camino posible hacia un futuro habitable.<\/p>\n\n\n\n<p class=\"wp-block-paragraph\">No. Las renovables no son el problema. <strong>El verdadero problema es seguir instalados en un modelo del siglo XX mientras el planeta clama por un cambio.<\/strong><\/p>\n\n\n\n<p class=\"wp-block-paragraph\">La emergencia clim\u00e1tica no es una moda ni una exageraci\u00f3n de ecologistas idealistas. Es una realidad abrumadora avalada por la ciencia, que ya est\u00e1 teniendo consecuencias devastadoras: fen\u00f3menos meteorol\u00f3gicos extremos, incendios incontrolables, p\u00e9rdidas agr\u00edcolas, migraciones forzadas y desequilibrios econ\u00f3micos a escala global. Y la causa est\u00e1 clara: <strong>el uso masivo de combustibles f\u00f3siles.<\/strong><\/p>\n\n\n\n<p class=\"wp-block-paragraph\">Frente a esto, <strong>las energ\u00edas renovables representan una soluci\u00f3n viable, limpia, descentralizada y asequible<\/strong>. Y, aunque es cierto que requieren adaptaci\u00f3n del sistema \u2014como cualquier innovaci\u00f3n transformadora\u2014, esa adaptaci\u00f3n ya est\u00e1 en marcha. Es t\u00e9cnicamente posible. Es econ\u00f3micamente sensata. Y es moralmente imprescindible.<\/p>\n\n\n\n<p class=\"wp-block-paragraph\">Quienes hoy atacan a las renovables con sa\u00f1a no est\u00e1n defendiendo la estabilidad del sistema; <strong>est\u00e1n defendiendo privilegios.<\/strong> Est\u00e1n utilizando el miedo al apag\u00f3n para apagar el debate sobre el futuro. Quieren convencernos de que vivir con renovables es vivir con incertidumbre, cuando lo cierto es que <strong>el mayor riesgo de todos es no avanzar.<\/strong><\/p>\n\n\n\n<p class=\"wp-block-paragraph\">Y para demostrarlo, no hace falta mirar a Alemania, ni a Dinamarca, ni a California. <strong>Miremos a Canarias.<\/strong><\/p>\n\n\n\n<p class=\"wp-block-paragraph\">En un sistema el\u00e9ctrico fragmentado, aislado y con alt\u00edsima dependencia exterior, se est\u00e1 construyendo un modelo energ\u00e9tico que demuestra que es posible integrar grandes cuotas de renovables sin comprometer ni la estabilidad ni la calidad del suministro. \u00bfC\u00f3mo? Con inteligencia, con planificaci\u00f3n y con tecnolog\u00edas de almacenamiento como los bombeos hidr\u00e1ulicos.<\/p>\n\n\n\n<p class=\"wp-block-paragraph\">El Salto de Chira, en Gran Canaria, no es solo una infraestructura hidr\u00e1ulica. <strong>Es una pieza clave en el nuevo paradigma energ\u00e9tico insular.<\/strong> Permitir\u00e1 almacenar energ\u00eda excedente en horas valle \u2014cuando la e\u00f3lica o la solar producen m\u00e1s de lo que se consume\u2014 para liberarla cuando m\u00e1s se necesita. Esto no solo estabiliza el sistema, sino que reduce dr\u00e1sticamente la necesidad de respaldo f\u00f3sil, acorta el camino hacia la autosuficiencia energ\u00e9tica y multiplica la capacidad de penetraci\u00f3n renovable.<\/p>\n\n\n\n<p class=\"wp-block-paragraph\">Y no es un caso aislado. La Palma, El Hierro, Tenerife&#8230; Todas las islas est\u00e1n avanzando, cada una a su ritmo, hacia un modelo donde el almacenamiento, la generaci\u00f3n distribuida, las microrredes y la participaci\u00f3n ciudadana configuran <strong>un nuevo ecosistema el\u00e9ctrico: m\u00e1s resiliente, m\u00e1s limpio y m\u00e1s justo.<\/strong><\/p>\n\n\n\n<p class=\"wp-block-paragraph\">Quienes hoy critican las renovables desde sus tribunas no se detienen a mirar estos ejemplos. No les interesa hablar de la eficiencia del bombeo, ni de las mejoras en la gesti\u00f3n de la demanda, ni de las oportunidades del hidr\u00f3geno verde, ni del autoconsumo, ni de los veh\u00edculos el\u00e9ctricos que devuelven energ\u00eda a la red. Prefieren el eslogan f\u00e1cil, la consigna del miedo, la defensa a ultranza de un statu quo que ya no se sostiene ni t\u00e9cnica ni \u00e9ticamente.<\/p>\n\n\n\n<p class=\"wp-block-paragraph\">Pero la ciudadan\u00eda no es tonta. <strong>La gente quiere soluciones, no m\u00e1s excusas.<\/strong> Quiere respirar un aire m\u00e1s limpio, pagar menos por la energ\u00eda, participar en su producci\u00f3n y no ser reh\u00e9n de los mercados internacionales del gas. Quiere futuro.<\/p>\n\n\n\n<p class=\"wp-block-paragraph\">Por eso hay que alzar la voz. No podemos permitir que se criminalice a las renovables por errores que nacen de la falta de inversi\u00f3n en redes, de la lentitud en la digitalizaci\u00f3n del sistema, o del abandono hist\u00f3rico de la planificaci\u00f3n energ\u00e9tica por parte de algunos gobiernos.<\/p>\n\n\n\n<p class=\"wp-block-paragraph\"><strong>No hay que parar la transici\u00f3n energ\u00e9tica. Hay que acelerarla.<\/strong><\/p>\n\n\n\n<p class=\"wp-block-paragraph\">La transici\u00f3n energ\u00e9tica no es una opci\u00f3n ideol\u00f3gica. Es una obligaci\u00f3n generacional. Un deber hacia quienes vendr\u00e1n despu\u00e9s, pero tambi\u00e9n hacia quienes hoy sufren los costes de un sistema injusto e ineficiente. Y esa transici\u00f3n pasa, inevitablemente, por dejar atr\u00e1s los combustibles f\u00f3siles y abrazar las energ\u00edas limpias con todas las herramientas a nuestro alcance.<\/p>\n\n\n\n<p class=\"wp-block-paragraph\">En cada kilovatio renovable hay m\u00e1s que electricidad. Hay dignidad, hay justicia clim\u00e1tica, hay soberan\u00eda, hay futuro.<\/p>\n\n\n\n<hr class=\"wp-block-separator has-alpha-channel-opacity\"\/>\n\n\n\n<p class=\"wp-block-paragraph\"><\/p>\n","protected":false},"excerpt":{"rendered":"<p>El reciente apag\u00f3n que dej\u00f3 a gran parte de la pen\u00ednsula sin suministro el\u00e9ctrico ha desatado una tormenta de reacciones. Lo que deber\u00eda haber sido un an\u00e1lisis sereno y t\u00e9cnico sobre vulnerabilidades del sistema el\u00e9ctrico, ha sido aprovechado por algunos sectores para activar su maquinaria ideol\u00f3gica contra las energ\u00edas renovables. Se ha instalado en ciertos [&hellip;]<\/p>\n","protected":false},"author":1,"featured_media":972,"comment_status":"open","ping_status":"open","sticky":false,"template":"","format":"standard","meta":{"footnotes":""},"categories":[55],"tags":[],"class_list":["post-971","post","type-post","status-publish","format-standard","has-post-thumbnail","category-general"],"yoast_head":"<!-- This site is optimized with the Yoast SEO plugin v28.2 - https:\/\/yoast.com\/product\/yoast-seo-wordpress\/ -->\n<title>Apag\u00f3n de ideas - Salto Ecol\u00f3gico<\/title>\n<meta name=\"robots\" content=\"index, follow, max-snippet:-1, max-image-preview:large, max-video-preview:-1\" \/>\n<link rel=\"canonical\" href=\"https:\/\/saltoecologico.es\/index.php\/2025\/05\/07\/apagon-de-ideas\/\" \/>\n<meta property=\"og:locale\" content=\"es_ES\" \/>\n<meta property=\"og:type\" content=\"article\" \/>\n<meta property=\"og:title\" content=\"Apag\u00f3n de ideas - Salto Ecol\u00f3gico\" \/>\n<meta property=\"og:description\" content=\"El reciente apag\u00f3n que dej\u00f3 a gran parte de la pen\u00ednsula sin suministro el\u00e9ctrico ha desatado una tormenta de reacciones. Lo que deber\u00eda haber sido un an\u00e1lisis sereno y t\u00e9cnico sobre vulnerabilidades del sistema el\u00e9ctrico, ha sido aprovechado por algunos sectores para activar su maquinaria ideol\u00f3gica contra las energ\u00edas renovables. Se ha instalado en ciertos [&hellip;]\" \/>\n<meta property=\"og:url\" content=\"https:\/\/saltoecologico.es\/index.php\/2025\/05\/07\/apagon-de-ideas\/\" \/>\n<meta property=\"og:site_name\" content=\"Salto Ecol\u00f3gico\" \/>\n<meta property=\"article:publisher\" content=\"https:\/\/www.facebook.com\/Saltotransicionecologica\" \/>\n<meta property=\"article:published_time\" content=\"2025-05-07T04:40:41+00:00\" \/>\n<meta property=\"article:modified_time\" content=\"2025-05-07T04:40:42+00:00\" \/>\n<meta property=\"og:image\" content=\"https:\/\/saltoecologico.es\/wp-content\/uploads\/2025\/05\/Defensa-Renovables.jpg\" \/>\n\t<meta property=\"og:image:width\" content=\"1024\" \/>\n\t<meta property=\"og:image:height\" content=\"683\" \/>\n\t<meta property=\"og:image:type\" content=\"image\/jpeg\" \/>\n<meta name=\"author\" content=\"admin\" \/>\n<meta name=\"twitter:card\" content=\"summary_large_image\" \/>\n<meta name=\"twitter:label1\" content=\"Escrito por\" \/>\n\t<meta name=\"twitter:data1\" content=\"admin\" \/>\n\t<meta name=\"twitter:label2\" content=\"Tiempo de lectura\" \/>\n\t<meta name=\"twitter:data2\" content=\"5 minutos\" \/>\n<script type=\"application\/ld+json\" class=\"yoast-schema-graph\">{\"@context\":\"https:\\\/\\\/schema.org\",\"@graph\":[{\"@type\":\"Article\",\"@id\":\"https:\\\/\\\/saltoecologico.es\\\/index.php\\\/2025\\\/05\\\/07\\\/apagon-de-ideas\\\/#article\",\"isPartOf\":{\"@id\":\"https:\\\/\\\/saltoecologico.es\\\/index.php\\\/2025\\\/05\\\/07\\\/apagon-de-ideas\\\/\"},\"author\":{\"name\":\"admin\",\"@id\":\"https:\\\/\\\/saltoecologico.es\\\/#\\\/schema\\\/person\\\/7175eec4b3c123d86c675313c3a01a0b\"},\"headline\":\"Apag\u00f3n de ideas\",\"datePublished\":\"2025-05-07T04:40:41+00:00\",\"dateModified\":\"2025-05-07T04:40:42+00:00\",\"mainEntityOfPage\":{\"@id\":\"https:\\\/\\\/saltoecologico.es\\\/index.php\\\/2025\\\/05\\\/07\\\/apagon-de-ideas\\\/\"},\"wordCount\":991,\"commentCount\":0,\"publisher\":{\"@id\":\"https:\\\/\\\/saltoecologico.es\\\/#organization\"},\"image\":{\"@id\":\"https:\\\/\\\/saltoecologico.es\\\/index.php\\\/2025\\\/05\\\/07\\\/apagon-de-ideas\\\/#primaryimage\"},\"thumbnailUrl\":\"https:\\\/\\\/saltoecologico.es\\\/wp-content\\\/uploads\\\/2025\\\/05\\\/Defensa-Renovables.jpg\",\"articleSection\":[\"General\"],\"inLanguage\":\"es\",\"potentialAction\":[{\"@type\":\"CommentAction\",\"name\":\"Comment\",\"target\":[\"https:\\\/\\\/saltoecologico.es\\\/index.php\\\/2025\\\/05\\\/07\\\/apagon-de-ideas\\\/#respond\"]}]},{\"@type\":\"WebPage\",\"@id\":\"https:\\\/\\\/saltoecologico.es\\\/index.php\\\/2025\\\/05\\\/07\\\/apagon-de-ideas\\\/\",\"url\":\"https:\\\/\\\/saltoecologico.es\\\/index.php\\\/2025\\\/05\\\/07\\\/apagon-de-ideas\\\/\",\"name\":\"Apag\u00f3n de ideas - Salto Ecol\u00f3gico\",\"isPartOf\":{\"@id\":\"https:\\\/\\\/saltoecologico.es\\\/#website\"},\"primaryImageOfPage\":{\"@id\":\"https:\\\/\\\/saltoecologico.es\\\/index.php\\\/2025\\\/05\\\/07\\\/apagon-de-ideas\\\/#primaryimage\"},\"image\":{\"@id\":\"https:\\\/\\\/saltoecologico.es\\\/index.php\\\/2025\\\/05\\\/07\\\/apagon-de-ideas\\\/#primaryimage\"},\"thumbnailUrl\":\"https:\\\/\\\/saltoecologico.es\\\/wp-content\\\/uploads\\\/2025\\\/05\\\/Defensa-Renovables.jpg\",\"datePublished\":\"2025-05-07T04:40:41+00:00\",\"dateModified\":\"2025-05-07T04:40:42+00:00\",\"breadcrumb\":{\"@id\":\"https:\\\/\\\/saltoecologico.es\\\/index.php\\\/2025\\\/05\\\/07\\\/apagon-de-ideas\\\/#breadcrumb\"},\"inLanguage\":\"es\",\"potentialAction\":[{\"@type\":\"ReadAction\",\"target\":[\"https:\\\/\\\/saltoecologico.es\\\/index.php\\\/2025\\\/05\\\/07\\\/apagon-de-ideas\\\/\"]}]},{\"@type\":\"ImageObject\",\"inLanguage\":\"es\",\"@id\":\"https:\\\/\\\/saltoecologico.es\\\/index.php\\\/2025\\\/05\\\/07\\\/apagon-de-ideas\\\/#primaryimage\",\"url\":\"https:\\\/\\\/saltoecologico.es\\\/wp-content\\\/uploads\\\/2025\\\/05\\\/Defensa-Renovables.jpg\",\"contentUrl\":\"https:\\\/\\\/saltoecologico.es\\\/wp-content\\\/uploads\\\/2025\\\/05\\\/Defensa-Renovables.jpg\",\"width\":1024,\"height\":683},{\"@type\":\"BreadcrumbList\",\"@id\":\"https:\\\/\\\/saltoecologico.es\\\/index.php\\\/2025\\\/05\\\/07\\\/apagon-de-ideas\\\/#breadcrumb\",\"itemListElement\":[{\"@type\":\"ListItem\",\"position\":1,\"name\":\"Portada\",\"item\":\"https:\\\/\\\/saltoecologico.es\\\/\"},{\"@type\":\"ListItem\",\"position\":2,\"name\":\"Apag\u00f3n de ideas\"}]},{\"@type\":\"WebSite\",\"@id\":\"https:\\\/\\\/saltoecologico.es\\\/#website\",\"url\":\"https:\\\/\\\/saltoecologico.es\\\/\",\"name\":\"Salto Ecol\u00f3gico\",\"description\":\"\",\"publisher\":{\"@id\":\"https:\\\/\\\/saltoecologico.es\\\/#organization\"},\"potentialAction\":[{\"@type\":\"SearchAction\",\"target\":{\"@type\":\"EntryPoint\",\"urlTemplate\":\"https:\\\/\\\/saltoecologico.es\\\/?s={search_term_string}\"},\"query-input\":{\"@type\":\"PropertyValueSpecification\",\"valueRequired\":true,\"valueName\":\"search_term_string\"}}],\"inLanguage\":\"es\"},{\"@type\":\"Organization\",\"@id\":\"https:\\\/\\\/saltoecologico.es\\\/#organization\",\"name\":\"Salto a la Transici\u00f3n Ecol\u00f3gica\",\"url\":\"https:\\\/\\\/saltoecologico.es\\\/\",\"logo\":{\"@type\":\"ImageObject\",\"inLanguage\":\"es\",\"@id\":\"https:\\\/\\\/saltoecologico.es\\\/#\\\/schema\\\/logo\\\/image\\\/\",\"url\":\"https:\\\/\\\/saltoecologico.es\\\/wp-content\\\/uploads\\\/2025\\\/04\\\/Logo-STE.jpg\",\"contentUrl\":\"https:\\\/\\\/saltoecologico.es\\\/wp-content\\\/uploads\\\/2025\\\/04\\\/Logo-STE.jpg\",\"width\":435,\"height\":435,\"caption\":\"Salto a la Transici\u00f3n Ecol\u00f3gica\"},\"image\":{\"@id\":\"https:\\\/\\\/saltoecologico.es\\\/#\\\/schema\\\/logo\\\/image\\\/\"},\"sameAs\":[\"https:\\\/\\\/www.facebook.com\\\/Saltotransicionecologica\"]},{\"@type\":\"Person\",\"@id\":\"https:\\\/\\\/saltoecologico.es\\\/#\\\/schema\\\/person\\\/7175eec4b3c123d86c675313c3a01a0b\",\"name\":\"admin\",\"image\":{\"@type\":\"ImageObject\",\"inLanguage\":\"es\",\"@id\":\"https:\\\/\\\/secure.gravatar.com\\\/avatar\\\/4c215dc57bbc7b2f2f470ac9bd197f3f112636a584e575a732d0206a2d9c9806?s=96&d=mm&r=g\",\"url\":\"https:\\\/\\\/secure.gravatar.com\\\/avatar\\\/4c215dc57bbc7b2f2f470ac9bd197f3f112636a584e575a732d0206a2d9c9806?s=96&d=mm&r=g\",\"contentUrl\":\"https:\\\/\\\/secure.gravatar.com\\\/avatar\\\/4c215dc57bbc7b2f2f470ac9bd197f3f112636a584e575a732d0206a2d9c9806?s=96&d=mm&r=g\",\"caption\":\"admin\"},\"sameAs\":[\"https:\\\/\\\/saltoecologico.es\"],\"url\":\"https:\\\/\\\/saltoecologico.es\\\/index.php\\\/author\\\/saltoecologico\\\/\"}]}<\/script>\n<!-- \/ Yoast SEO plugin. -->","yoast_head_json":{"title":"Apag\u00f3n de ideas - Salto Ecol\u00f3gico","robots":{"index":"index","follow":"follow","max-snippet":"max-snippet:-1","max-image-preview":"max-image-preview:large","max-video-preview":"max-video-preview:-1"},"canonical":"https:\/\/saltoecologico.es\/index.php\/2025\/05\/07\/apagon-de-ideas\/","og_locale":"es_ES","og_type":"article","og_title":"Apag\u00f3n de ideas - Salto Ecol\u00f3gico","og_description":"El reciente apag\u00f3n que dej\u00f3 a gran parte de la pen\u00ednsula sin suministro el\u00e9ctrico ha desatado una tormenta de reacciones. Lo que deber\u00eda haber sido un an\u00e1lisis sereno y t\u00e9cnico sobre vulnerabilidades del sistema el\u00e9ctrico, ha sido aprovechado por algunos sectores para activar su maquinaria ideol\u00f3gica contra las energ\u00edas renovables. Se ha instalado en ciertos [&hellip;]","og_url":"https:\/\/saltoecologico.es\/index.php\/2025\/05\/07\/apagon-de-ideas\/","og_site_name":"Salto Ecol\u00f3gico","article_publisher":"https:\/\/www.facebook.com\/Saltotransicionecologica","article_published_time":"2025-05-07T04:40:41+00:00","article_modified_time":"2025-05-07T04:40:42+00:00","og_image":[{"width":1024,"height":683,"url":"https:\/\/saltoecologico.es\/wp-content\/uploads\/2025\/05\/Defensa-Renovables.jpg","type":"image\/jpeg"}],"author":"admin","twitter_card":"summary_large_image","twitter_misc":{"Escrito por":"admin","Tiempo de lectura":"5 minutos"},"schema":{"@context":"https:\/\/schema.org","@graph":[{"@type":"Article","@id":"https:\/\/saltoecologico.es\/index.php\/2025\/05\/07\/apagon-de-ideas\/#article","isPartOf":{"@id":"https:\/\/saltoecologico.es\/index.php\/2025\/05\/07\/apagon-de-ideas\/"},"author":{"name":"admin","@id":"https:\/\/saltoecologico.es\/#\/schema\/person\/7175eec4b3c123d86c675313c3a01a0b"},"headline":"Apag\u00f3n de ideas","datePublished":"2025-05-07T04:40:41+00:00","dateModified":"2025-05-07T04:40:42+00:00","mainEntityOfPage":{"@id":"https:\/\/saltoecologico.es\/index.php\/2025\/05\/07\/apagon-de-ideas\/"},"wordCount":991,"commentCount":0,"publisher":{"@id":"https:\/\/saltoecologico.es\/#organization"},"image":{"@id":"https:\/\/saltoecologico.es\/index.php\/2025\/05\/07\/apagon-de-ideas\/#primaryimage"},"thumbnailUrl":"https:\/\/saltoecologico.es\/wp-content\/uploads\/2025\/05\/Defensa-Renovables.jpg","articleSection":["General"],"inLanguage":"es","potentialAction":[{"@type":"CommentAction","name":"Comment","target":["https:\/\/saltoecologico.es\/index.php\/2025\/05\/07\/apagon-de-ideas\/#respond"]}]},{"@type":"WebPage","@id":"https:\/\/saltoecologico.es\/index.php\/2025\/05\/07\/apagon-de-ideas\/","url":"https:\/\/saltoecologico.es\/index.php\/2025\/05\/07\/apagon-de-ideas\/","name":"Apag\u00f3n de ideas - Salto Ecol\u00f3gico","isPartOf":{"@id":"https:\/\/saltoecologico.es\/#website"},"primaryImageOfPage":{"@id":"https:\/\/saltoecologico.es\/index.php\/2025\/05\/07\/apagon-de-ideas\/#primaryimage"},"image":{"@id":"https:\/\/saltoecologico.es\/index.php\/2025\/05\/07\/apagon-de-ideas\/#primaryimage"},"thumbnailUrl":"https:\/\/saltoecologico.es\/wp-content\/uploads\/2025\/05\/Defensa-Renovables.jpg","datePublished":"2025-05-07T04:40:41+00:00","dateModified":"2025-05-07T04:40:42+00:00","breadcrumb":{"@id":"https:\/\/saltoecologico.es\/index.php\/2025\/05\/07\/apagon-de-ideas\/#breadcrumb"},"inLanguage":"es","potentialAction":[{"@type":"ReadAction","target":["https:\/\/saltoecologico.es\/index.php\/2025\/05\/07\/apagon-de-ideas\/"]}]},{"@type":"ImageObject","inLanguage":"es","@id":"https:\/\/saltoecologico.es\/index.php\/2025\/05\/07\/apagon-de-ideas\/#primaryimage","url":"https:\/\/saltoecologico.es\/wp-content\/uploads\/2025\/05\/Defensa-Renovables.jpg","contentUrl":"https:\/\/saltoecologico.es\/wp-content\/uploads\/2025\/05\/Defensa-Renovables.jpg","width":1024,"height":683},{"@type":"BreadcrumbList","@id":"https:\/\/saltoecologico.es\/index.php\/2025\/05\/07\/apagon-de-ideas\/#breadcrumb","itemListElement":[{"@type":"ListItem","position":1,"name":"Portada","item":"https:\/\/saltoecologico.es\/"},{"@type":"ListItem","position":2,"name":"Apag\u00f3n de ideas"}]},{"@type":"WebSite","@id":"https:\/\/saltoecologico.es\/#website","url":"https:\/\/saltoecologico.es\/","name":"Salto Ecol\u00f3gico","description":"","publisher":{"@id":"https:\/\/saltoecologico.es\/#organization"},"potentialAction":[{"@type":"SearchAction","target":{"@type":"EntryPoint","urlTemplate":"https:\/\/saltoecologico.es\/?s={search_term_string}"},"query-input":{"@type":"PropertyValueSpecification","valueRequired":true,"valueName":"search_term_string"}}],"inLanguage":"es"},{"@type":"Organization","@id":"https:\/\/saltoecologico.es\/#organization","name":"Salto a la Transici\u00f3n Ecol\u00f3gica","url":"https:\/\/saltoecologico.es\/","logo":{"@type":"ImageObject","inLanguage":"es","@id":"https:\/\/saltoecologico.es\/#\/schema\/logo\/image\/","url":"https:\/\/saltoecologico.es\/wp-content\/uploads\/2025\/04\/Logo-STE.jpg","contentUrl":"https:\/\/saltoecologico.es\/wp-content\/uploads\/2025\/04\/Logo-STE.jpg","width":435,"height":435,"caption":"Salto a la Transici\u00f3n Ecol\u00f3gica"},"image":{"@id":"https:\/\/saltoecologico.es\/#\/schema\/logo\/image\/"},"sameAs":["https:\/\/www.facebook.com\/Saltotransicionecologica"]},{"@type":"Person","@id":"https:\/\/saltoecologico.es\/#\/schema\/person\/7175eec4b3c123d86c675313c3a01a0b","name":"admin","image":{"@type":"ImageObject","inLanguage":"es","@id":"https:\/\/secure.gravatar.com\/avatar\/4c215dc57bbc7b2f2f470ac9bd197f3f112636a584e575a732d0206a2d9c9806?s=96&d=mm&r=g","url":"https:\/\/secure.gravatar.com\/avatar\/4c215dc57bbc7b2f2f470ac9bd197f3f112636a584e575a732d0206a2d9c9806?s=96&d=mm&r=g","contentUrl":"https:\/\/secure.gravatar.com\/avatar\/4c215dc57bbc7b2f2f470ac9bd197f3f112636a584e575a732d0206a2d9c9806?s=96&d=mm&r=g","caption":"admin"},"sameAs":["https:\/\/saltoecologico.es"],"url":"https:\/\/saltoecologico.es\/index.php\/author\/saltoecologico\/"}]}},"_links":{"self":[{"href":"https:\/\/saltoecologico.es\/index.php\/wp-json\/wp\/v2\/posts\/971","targetHints":{"allow":["GET"]}}],"collection":[{"href":"https:\/\/saltoecologico.es\/index.php\/wp-json\/wp\/v2\/posts"}],"about":[{"href":"https:\/\/saltoecologico.es\/index.php\/wp-json\/wp\/v2\/types\/post"}],"author":[{"embeddable":true,"href":"https:\/\/saltoecologico.es\/index.php\/wp-json\/wp\/v2\/users\/1"}],"replies":[{"embeddable":true,"href":"https:\/\/saltoecologico.es\/index.php\/wp-json\/wp\/v2\/comments?post=971"}],"version-history":[{"count":1,"href":"https:\/\/saltoecologico.es\/index.php\/wp-json\/wp\/v2\/posts\/971\/revisions"}],"predecessor-version":[{"id":973,"href":"https:\/\/saltoecologico.es\/index.php\/wp-json\/wp\/v2\/posts\/971\/revisions\/973"}],"wp:featuredmedia":[{"embeddable":true,"href":"https:\/\/saltoecologico.es\/index.php\/wp-json\/wp\/v2\/media\/972"}],"wp:attachment":[{"href":"https:\/\/saltoecologico.es\/index.php\/wp-json\/wp\/v2\/media?parent=971"}],"wp:term":[{"taxonomy":"category","embeddable":true,"href":"https:\/\/saltoecologico.es\/index.php\/wp-json\/wp\/v2\/categories?post=971"},{"taxonomy":"post_tag","embeddable":true,"href":"https:\/\/saltoecologico.es\/index.php\/wp-json\/wp\/v2\/tags?post=971"}],"curies":[{"name":"wp","href":"https:\/\/api.w.org\/{rel}","templated":true}]}}